{"id":4597,"date":"2026-04-28T10:57:27","date_gmt":"2026-04-28T15:57:27","guid":{"rendered":"https:\/\/hospitalsvpgarzon.gov.co\/?p=4597"},"modified":"2026-04-28T10:57:27","modified_gmt":"2026-04-28T15:57:27","slug":"convocatoria-de-eleccion-del-representante-de-la-comunidad-designado-por-los-gremios","status":"publish","type":"post","link":"https:\/\/hospitalsvpgarzon.gov.co\/index.php\/2026\/04\/28\/convocatoria-de-eleccion-del-representante-de-la-comunidad-designado-por-los-gremios\/","title":{"rendered":"Convocatoria de elecci\u00f3n del representante de la comunidad designado por los gremios"},"content":{"rendered":"<p>RESOLUCI\u00d3N 1042 DE 2026<\/p>\n<p>RESOLUCI\u00d3N 1042 DE 2026-CONVOCATORIA DE ELECCI\u00d3N DEL REPRESENTANTE DE LA COMUNIDAD DESIGNADO POR LOS GREMIOS DE LA PRODUCCI\u00d3N DEL \u00c1REA DE INLUENCIA DE LA EMPRESA SOCIAL DEL ESTADO HOSPITAL DEPRTAMENTAL SAN VICENTE DE PA\u00daL DE GARZ\u00d3N.<\/p>\n<p>Se invita a:<\/p>\n<ol>\n<li><a href=\"https:\/\/hospitalsvpgarzon.gov.co\/wp-content\/uploads\/2026\/04\/RESOL.1042-DE-2026_ELECCION-REP.-GREMIOS.pdf\">Consultar el acto administrativo aqui<\/a><\/li>\n<li>A inscribirse teniendo en cuenta los lineamientos establecido en la Resoluci\u00f3n 1042 de 2026<\/li>\n<\/ol>\n<p>&nbsp;<\/p>\n","protected":false},"excerpt":{"rendered":"<p>RESOLUCI\u00d3N 1042 DE 2026 RESOLUCI\u00d3N 1042 DE 2026-CONVOCATORIA DE ELECCI\u00d3N  [&#8230;]<\/p>\n","protected":false},"author":1,"featured_media":4598,"comment_status":"open","ping_status":"open","sticky":false,"template":"","format":"standard","meta":{"footnotes":""},"categories":[1],"tags":[25,11,24,13,31,33],"class_list":["post-4597","post","type-post","status-publish","format-standard","has-post-thumbnail","hentry","category-noticias","tag-garzon","tag-hospital","tag-hospital-san-vicente-de-paul","tag-huila","tag-salud","tag-social"],"yoast_head":"<!-- This site is optimized with the Yoast SEO plugin v26.6 - https:\/\/yoast.com\/wordpress\/plugins\/seo\/ -->\n<title>Convocatoria de elecci\u00f3n del representante de la comunidad designado por los gremios - San Vicente de Paul<\/title>\n<meta name=\"robots\" content=\"index, follow, max-snippet:-1, max-image-preview:large, max-video-preview:-1\" \/>\n<link rel=\"canonical\" href=\"https:\/\/hospitalsvpgarzon.gov.co\/index.php\/2026\/04\/28\/convocatoria-de-eleccion-del-representante-de-la-comunidad-designado-por-los-gremios\/\" \/>\n<meta property=\"og:locale\" content=\"es_ES\" \/>\n<meta property=\"og:type\" content=\"article\" \/>\n<meta property=\"og:title\" content=\"Convocatoria de elecci\u00f3n del representante de la comunidad designado por los gremios - San Vicente de Paul\" \/>\n<meta property=\"og:description\" content=\"RESOLUCI\u00d3N 1042 DE 2026 RESOLUCI\u00d3N 1042 DE 2026-CONVOCATORIA DE ELECCI\u00d3N [...]\" \/>\n<meta property=\"og:url\" content=\"https:\/\/hospitalsvpgarzon.gov.co\/index.php\/2026\/04\/28\/convocatoria-de-eleccion-del-representante-de-la-comunidad-designado-por-los-gremios\/\" \/>\n<meta property=\"og:site_name\" content=\"San Vicente de Paul\" \/>\n<meta property=\"article:published_time\" content=\"2026-04-28T15:57:27+00:00\" \/>\n<meta property=\"og:image\" content=\"https:\/\/hospitalsvpgarzon.gov.co\/wp-content\/uploads\/2026\/04\/Portada-Web-4.jpg\" \/>\n\t<meta property=\"og:image:width\" content=\"1200\" \/>\n\t<meta property=\"og:image:height\" content=\"628\" \/>\n\t<meta property=\"og:image:type\" content=\"image\/jpeg\" \/>\n<meta name=\"author\" content=\"admin\" \/>\n<meta name=\"twitter:card\" content=\"summary_large_image\" \/>\n<meta name=\"twitter:label1\" content=\"Escrito por\" \/>\n\t<meta name=\"twitter:data1\" content=\"admin\" \/>\n\t<meta name=\"twitter:label2\" content=\"Tiempo de lectura\" \/>\n\t<meta name=\"twitter:data2\" content=\"1 minuto\" \/>\n<script type=\"application\/ld+json\" class=\"yoast-schema-graph\">{\"@context\":\"https:\/\/schema.org\",\"@graph\":[{\"@type\":\"WebPage\",\"@id\":\"https:\/\/hospitalsvpgarzon.gov.co\/index.php\/2026\/04\/28\/convocatoria-de-eleccion-del-representante-de-la-comunidad-designado-por-los-gremios\/\",\"url\":\"https:\/\/hospitalsvpgarzon.gov.co\/index.php\/2026\/04\/28\/convocatoria-de-eleccion-del-representante-de-la-comunidad-designado-por-los-gremios\/\",\"name\":\"Convocatoria de elecci\u00f3n del representante de la comunidad designado por los gremios - San Vicente de Paul\",\"isPartOf\":{\"@id\":\"https:\/\/hospitalsvpgarzon.gov.co\/#website\"},\"primaryImageOfPage\":{\"@id\":\"https:\/\/hospitalsvpgarzon.gov.co\/index.php\/2026\/04\/28\/convocatoria-de-eleccion-del-representante-de-la-comunidad-designado-por-los-gremios\/#primaryimage\"},\"image\":{\"@id\":\"https:\/\/hospitalsvpgarzon.gov.co\/index.php\/2026\/04\/28\/convocatoria-de-eleccion-del-representante-de-la-comunidad-designado-por-los-gremios\/#primaryimage\"},\"thumbnailUrl\":\"https:\/\/hospitalsvpgarzon.gov.co\/wp-content\/uploads\/2026\/04\/Portada-Web-4.jpg\",\"datePublished\":\"2026-04-28T15:57:27+00:00\",\"author\":{\"@id\":\"https:\/\/hospitalsvpgarzon.gov.co\/#\/schema\/person\/00ae8673a665202746fcebc700bece97\"},\"breadcrumb\":{\"@id\":\"https:\/\/hospitalsvpgarzon.gov.co\/index.php\/2026\/04\/28\/convocatoria-de-eleccion-del-representante-de-la-comunidad-designado-por-los-gremios\/#breadcrumb\"},\"inLanguage\":\"es\",\"potentialAction\":[{\"@type\":\"ReadAction\",\"target\":[\"https:\/\/hospitalsvpgarzon.gov.co\/index.php\/2026\/04\/28\/convocatoria-de-eleccion-del-representante-de-la-comunidad-designado-por-los-gremios\/\"]}]},{\"@type\":\"ImageObject\",\"inLanguage\":\"es\",\"@id\":\"https:\/\/hospitalsvpgarzon.gov.co\/index.php\/2026\/04\/28\/convocatoria-de-eleccion-del-representante-de-la-comunidad-designado-por-los-gremios\/#primaryimage\",\"url\":\"https:\/\/hospitalsvpgarzon.gov.co\/wp-content\/uploads\/2026\/04\/Portada-Web-4.jpg\",\"contentUrl\":\"https:\/\/hospitalsvpgarzon.gov.co\/wp-content\/uploads\/2026\/04\/Portada-Web-4.jpg\",\"width\":1200,\"height\":628},{\"@type\":\"BreadcrumbList\",\"@id\":\"https:\/\/hospitalsvpgarzon.gov.co\/index.php\/2026\/04\/28\/convocatoria-de-eleccion-del-representante-de-la-comunidad-designado-por-los-gremios\/#breadcrumb\",\"itemListElement\":[{\"@type\":\"ListItem\",\"position\":1,\"name\":\"Portada\",\"item\":\"https:\/\/hospitalsvpgarzon.gov.co\/\"},{\"@type\":\"ListItem\",\"position\":2,\"name\":\"Convocatoria de elecci\u00f3n del representante de la comunidad designado por los gremios\"}]},{\"@type\":\"WebSite\",\"@id\":\"https:\/\/hospitalsvpgarzon.gov.co\/#website\",\"url\":\"https:\/\/hospitalsvpgarzon.gov.co\/\",\"name\":\"San Vicente de Paul\",\"description\":\"\",\"potentialAction\":[{\"@type\":\"SearchAction\",\"target\":{\"@type\":\"EntryPoint\",\"urlTemplate\":\"https:\/\/hospitalsvpgarzon.gov.co\/?s={search_term_string}\"},\"query-input\":{\"@type\":\"PropertyValueSpecification\",\"valueRequired\":true,\"valueName\":\"search_term_string\"}}],\"inLanguage\":\"es\"},{\"@type\":\"Person\",\"@id\":\"https:\/\/hospitalsvpgarzon.gov.co\/#\/schema\/person\/00ae8673a665202746fcebc700bece97\",\"name\":\"admin\",\"image\":{\"@type\":\"ImageObject\",\"inLanguage\":\"es\",\"@id\":\"https:\/\/hospitalsvpgarzon.gov.co\/#\/schema\/person\/image\/\",\"url\":\"https:\/\/secure.gravatar.com\/avatar\/9de757fa387ffa830182b9addfc68182fc1b877ce87a644e54fd123f6d648035?s=96&d=mm&r=g\",\"contentUrl\":\"https:\/\/secure.gravatar.com\/avatar\/9de757fa387ffa830182b9addfc68182fc1b877ce87a644e54fd123f6d648035?s=96&d=mm&r=g\",\"caption\":\"admin\"},\"sameAs\":[\"https:\/\/garzon.antol.cloud\"],\"url\":\"https:\/\/hospitalsvpgarzon.gov.co\/index.php\/author\/admin_v97ot6by\/\"}]}<\/script>\n<!-- \/ Yoast SEO plugin. -->","yoast_head_json":{"title":"Convocatoria de elecci\u00f3n del representante de la comunidad designado por los gremios - San Vicente de Paul","robots":{"index":"index","follow":"follow","max-snippet":"max-snippet:-1","max-image-preview":"max-image-preview:large","max-video-preview":"max-video-preview:-1"},"canonical":"https:\/\/hospitalsvpgarzon.gov.co\/index.php\/2026\/04\/28\/convocatoria-de-eleccion-del-representante-de-la-comunidad-designado-por-los-gremios\/","og_locale":"es_ES","og_type":"article","og_title":"Convocatoria de elecci\u00f3n del representante de la comunidad designado por los gremios - San Vicente de Paul","og_description":"RESOLUCI\u00d3N 1042 DE 2026 RESOLUCI\u00d3N 1042 DE 2026-CONVOCATORIA DE ELECCI\u00d3N [...]","og_url":"https:\/\/hospitalsvpgarzon.gov.co\/index.php\/2026\/04\/28\/convocatoria-de-eleccion-del-representante-de-la-comunidad-designado-por-los-gremios\/","og_site_name":"San Vicente de Paul","article_published_time":"2026-04-28T15:57:27+00:00","og_image":[{"width":1200,"height":628,"url":"https:\/\/hospitalsvpgarzon.gov.co\/wp-content\/uploads\/2026\/04\/Portada-Web-4.jpg","type":"image\/jpeg"}],"author":"admin","twitter_card":"summary_large_image","twitter_misc":{"Escrito por":"admin","Tiempo de lectura":"1 minuto"},"schema":{"@context":"https:\/\/schema.org","@graph":[{"@type":"WebPage","@id":"https:\/\/hospitalsvpgarzon.gov.co\/index.php\/2026\/04\/28\/convocatoria-de-eleccion-del-representante-de-la-comunidad-designado-por-los-gremios\/","url":"https:\/\/hospitalsvpgarzon.gov.co\/index.php\/2026\/04\/28\/convocatoria-de-eleccion-del-representante-de-la-comunidad-designado-por-los-gremios\/","name":"Convocatoria de elecci\u00f3n del representante de la comunidad designado por los gremios - San Vicente de Paul","isPartOf":{"@id":"https:\/\/hospitalsvpgarzon.gov.co\/#website"},"primaryImageOfPage":{"@id":"https:\/\/hospitalsvpgarzon.gov.co\/index.php\/2026\/04\/28\/convocatoria-de-eleccion-del-representante-de-la-comunidad-designado-por-los-gremios\/#primaryimage"},"image":{"@id":"https:\/\/hospitalsvpgarzon.gov.co\/index.php\/2026\/04\/28\/convocatoria-de-eleccion-del-representante-de-la-comunidad-designado-por-los-gremios\/#primaryimage"},"thumbnailUrl":"https:\/\/hospitalsvpgarzon.gov.co\/wp-content\/uploads\/2026\/04\/Portada-Web-4.jpg","datePublished":"2026-04-28T15:57:27+00:00","author":{"@id":"https:\/\/hospitalsvpgarzon.gov.co\/#\/schema\/person\/00ae8673a665202746fcebc700bece97"},"breadcrumb":{"@id":"https:\/\/hospitalsvpgarzon.gov.co\/index.php\/2026\/04\/28\/convocatoria-de-eleccion-del-representante-de-la-comunidad-designado-por-los-gremios\/#breadcrumb"},"inLanguage":"es","potentialAction":[{"@type":"ReadAction","target":["https:\/\/hospitalsvpgarzon.gov.co\/index.php\/2026\/04\/28\/convocatoria-de-eleccion-del-representante-de-la-comunidad-designado-por-los-gremios\/"]}]},{"@type":"ImageObject","inLanguage":"es","@id":"https:\/\/hospitalsvpgarzon.gov.co\/index.php\/2026\/04\/28\/convocatoria-de-eleccion-del-representante-de-la-comunidad-designado-por-los-gremios\/#primaryimage","url":"https:\/\/hospitalsvpgarzon.gov.co\/wp-content\/uploads\/2026\/04\/Portada-Web-4.jpg","contentUrl":"https:\/\/hospitalsvpgarzon.gov.co\/wp-content\/uploads\/2026\/04\/Portada-Web-4.jpg","width":1200,"height":628},{"@type":"BreadcrumbList","@id":"https:\/\/hospitalsvpgarzon.gov.co\/index.php\/2026\/04\/28\/convocatoria-de-eleccion-del-representante-de-la-comunidad-designado-por-los-gremios\/#breadcrumb","itemListElement":[{"@type":"ListItem","position":1,"name":"Portada","item":"https:\/\/hospitalsvpgarzon.gov.co\/"},{"@type":"ListItem","position":2,"name":"Convocatoria de elecci\u00f3n del representante de la comunidad designado por los gremios"}]},{"@type":"WebSite","@id":"https:\/\/hospitalsvpgarzon.gov.co\/#website","url":"https:\/\/hospitalsvpgarzon.gov.co\/","name":"San Vicente de Paul","description":"","potentialAction":[{"@type":"SearchAction","target":{"@type":"EntryPoint","urlTemplate":"https:\/\/hospitalsvpgarzon.gov.co\/?s={search_term_string}"},"query-input":{"@type":"PropertyValueSpecification","valueRequired":true,"valueName":"search_term_string"}}],"inLanguage":"es"},{"@type":"Person","@id":"https:\/\/hospitalsvpgarzon.gov.co\/#\/schema\/person\/00ae8673a665202746fcebc700bece97","name":"admin","image":{"@type":"ImageObject","inLanguage":"es","@id":"https:\/\/hospitalsvpgarzon.gov.co\/#\/schema\/person\/image\/","url":"https:\/\/secure.gravatar.com\/avatar\/9de757fa387ffa830182b9addfc68182fc1b877ce87a644e54fd123f6d648035?s=96&d=mm&r=g","contentUrl":"https:\/\/secure.gravatar.com\/avatar\/9de757fa387ffa830182b9addfc68182fc1b877ce87a644e54fd123f6d648035?s=96&d=mm&r=g","caption":"admin"},"sameAs":["https:\/\/garzon.antol.cloud"],"url":"https:\/\/hospitalsvpgarzon.gov.co\/index.php\/author\/admin_v97ot6by\/"}]}},"_links":{"self":[{"href":"https:\/\/hospitalsvpgarzon.gov.co\/index.php\/wp-json\/wp\/v2\/posts\/4597","targetHints":{"allow":["GET"]}}],"collection":[{"href":"https:\/\/hospitalsvpgarzon.gov.co\/index.php\/wp-json\/wp\/v2\/posts"}],"about":[{"href":"https:\/\/hospitalsvpgarzon.gov.co\/index.php\/wp-json\/wp\/v2\/types\/post"}],"author":[{"embeddable":true,"href":"https:\/\/hospitalsvpgarzon.gov.co\/index.php\/wp-json\/wp\/v2\/users\/1"}],"replies":[{"embeddable":true,"href":"https:\/\/hospitalsvpgarzon.gov.co\/index.php\/wp-json\/wp\/v2\/comments?post=4597"}],"version-history":[{"count":1,"href":"https:\/\/hospitalsvpgarzon.gov.co\/index.php\/wp-json\/wp\/v2\/posts\/4597\/revisions"}],"predecessor-version":[{"id":4599,"href":"https:\/\/hospitalsvpgarzon.gov.co\/index.php\/wp-json\/wp\/v2\/posts\/4597\/revisions\/4599"}],"wp:featuredmedia":[{"embeddable":true,"href":"https:\/\/hospitalsvpgarzon.gov.co\/index.php\/wp-json\/wp\/v2\/media\/4598"}],"wp:attachment":[{"href":"https:\/\/hospitalsvpgarzon.gov.co\/index.php\/wp-json\/wp\/v2\/media?parent=4597"}],"wp:term":[{"taxonomy":"category","embeddable":true,"href":"https:\/\/hospitalsvpgarzon.gov.co\/index.php\/wp-json\/wp\/v2\/categories?post=4597"},{"taxonomy":"post_tag","embeddable":true,"href":"https:\/\/hospitalsvpgarzon.gov.co\/index.php\/wp-json\/wp\/v2\/tags?post=4597"}],"curies":[{"name":"wp","href":"https:\/\/api.w.org\/{rel}","templated":true}]}}